{"id":1568,"date":"2020-11-09T16:53:06","date_gmt":"2020-11-09T15:53:06","guid":{"rendered":"http:\/\/karisbillnas.fi\/snilleblixten\/?p=1568"},"modified":"2020-11-09T16:53:07","modified_gmt":"2020-11-09T15:53:07","slug":"riksdagsledamot-kvarnstrom-pa-besok","status":"publish","type":"post","link":"https:\/\/karisbillnas.fi\/snilleblixten\/2020\/11\/riksdagsledamot-kvarnstrom-pa-besok\/","title":{"rendered":"Riksdagsledamot Kvarnstr\u00f6m p\u00e5 bes\u00f6k"},"content":{"rendered":"<p><a href=\"https:\/\/karisbillnas.fi\/snilleblixten\/2020\/11\/riksdagsledamot-kvarnstrom-pa-besok\/kvarnstrom1\/\" rel=\"attachment wp-att-1569\"><img loading=\"lazy\" decoding=\"async\" class=\"aligncenter size-large wp-image-1569\" src=\"https:\/\/karisbillnas.fi\/snilleblixten\/wp-content\/uploads\/2020\/11\/Kvarnstrom1-1024x1002.jpg\" alt=\"\" width=\"1024\" height=\"1002\" \/><\/a><\/p>\n<p><strong>Idag 9 november fick studerandena i kursen \u201cPolitik i praktiken\u201d \u00e4n en g\u00e5ng lite variation i vardagen. Vi \u00e4r tacksamma f\u00f6r att riksdagsledamot Johan Kvarnstr\u00f6m tog sig tid att bes\u00f6ka oss och diskutera politik med intresserade.<\/strong><\/p>\n<p><span style=\"font-weight: 400;\">Johan Kvarnstr\u00f6m b\u00f6rjade sin politiska karri\u00e4r av n\u00e5got som kan kallas en slump. Kvarnstr\u00f6m b\u00f6rjade studera filosofi p\u00e5 kandidatniv\u00e5 men blev senare magister i journalistik. 2017 blev Kvarnstr\u00f6m tillfr\u00e5gad att st\u00e4lla upp i kommunalvalet d\u00e5 han jobbade f\u00f6r den politiska tidningen Arbetarbladet. F\u00f6re det jobbade han som journalist p\u00e5 tidningen V\u00e4stra Nyland.\u00a0<\/span><\/p>\n<p><span style=\"font-weight: 400;\">Efter att Kvarnstr\u00f6m suttit tv\u00e5 \u00e5r i Raseborgs stadsfullm\u00e4ktige valde han att st\u00e4lla upp i riksdagsvalet d\u00e5 Maarit Feldt-Ranta inte l\u00e4ngre st\u00e4llde upp. Kvarnstr\u00f6m var en av f\u00e5 socialdemokratiska kandidater i trakten och blev invald p\u00e5 vad han sj\u00e4lv uppfattar som ett \u00f6verraskande s\u00e4tt. M\u00e5nga v\u00e4ljare utser tydligen sin kandidat utg\u00e5ende fr\u00e5n en speciell fr\u00e5ga, i detta fall fr\u00e5gan om att f\u00f6rsvara och mots\u00e4tta sig kustbanan som verkade vara den viktiga fr\u00e5gan f\u00f6r flera.\u00a0<\/span><\/p>\n<p><span style=\"font-weight: 400;\">Fr\u00e5gor som studerandena st\u00e4llde var bland annat om Kvarnstr\u00f6m vill bli minister, om pandemin \u00f6verskuggar allt arbete kring klimatfr\u00e5gor och ifall Kvarnstr\u00f6m sj\u00e4lv anser att han har makt.\u00a0<\/span><\/p>\n<p><span style=\"font-weight: 400;\">Kvarnstr\u00f6m anser sj\u00e4lv att han \u00e4r s\u00e5 pass ny i politiken att han just nu inte kunde t\u00e4nka sig vara minister. Den nuvarande livssituation skulle inte heller till\u00e5ta det. Pandemin \u00f6verskuggade milj\u00f6arbetet p\u00e5 v\u00e5ren och nu betas v\u00e5rens ogjorda arbeten av. Framtida krav p\u00e5 laddstationer f\u00f6r elbilar vid nybyggda h\u00f6ghus och offentliga byggnader samt framtida krav p\u00e5 vattenm\u00e4tare i l\u00e4genheter \u00e4r exempel p\u00e5 aktuella fr\u00e5gor.\u00a0<\/span><\/p>\n<p><span style=\"font-weight: 400;\">Kvarnstr\u00f6m svarar \u00e4ven jo p\u00e5 fr\u00e5gan ifall han har makt.<br \/>\n<\/span><span style=\"font-weight: 400;\">&#8211; Jag \u00e4r lyckligtvis medveten om maktens begr\u00e4nsningar, vi \u00e4r \u00e4nd\u00e5 200 riksdagsledam\u00f6ter, kommenterar Kvarnstr\u00f6m.\u00a0<\/span><\/p>\n<p><span style=\"font-weight: 400;\">\u00c4ven den aktuella fr\u00e5gan om f\u00f6rl\u00e4ngd l\u00e4roplikt v\u00e4ckte diskussion. Kvarnstr\u00f6m anser att samh\u00e4llet har ett ansvar i att styra ungdomar i r\u00e4tt riktning f\u00f6r att f\u00f6rebygga marginalisering. Det ifr\u00e5gasattes \u00e4nd\u00e5 ifall en f\u00f6rl\u00e4ngd l\u00e4roplikt \u00e4r det r\u00e4tta s\u00e4ttet att \u00e5stadkomma ett avgiftsfritt andra stadium.<br \/>\n<\/span><span style=\"font-weight: 400;\">&#8211; Det \u00e4r oansvarigt av samh\u00e4llet att studerandena kan hoppa av skolan och det enda som g\u00f6rs \u00e4r ett ryck p\u00e5 axlarna. <\/span><\/p>\n<p>&nbsp;<\/p>\n<div id=\"attachment_1570\" style=\"width: 1034px\" class=\"wp-caption aligncenter\"><a href=\"https:\/\/karisbillnas.fi\/snilleblixten\/2020\/11\/riksdagsledamot-kvarnstrom-pa-besok\/kvarnstrom2\/\" rel=\"attachment wp-att-1570\"><img loading=\"lazy\" decoding=\"async\" aria-describedby=\"caption-attachment-1570\" class=\"wp-image-1570 size-large\" src=\"https:\/\/karisbillnas.fi\/snilleblixten\/wp-content\/uploads\/2020\/11\/Kvarnstrom2-1024x356.jpg\" alt=\"\" width=\"1024\" height=\"356\" srcset=\"https:\/\/karisbillnas.fi\/snilleblixten\/wp-content\/uploads\/2020\/11\/Kvarnstrom2-1024x356.jpg 1024w, https:\/\/karisbillnas.fi\/snilleblixten\/wp-content\/uploads\/2020\/11\/Kvarnstrom2-300x104.jpg 300w, https:\/\/karisbillnas.fi\/snilleblixten\/wp-content\/uploads\/2020\/11\/Kvarnstrom2-768x267.jpg 768w\" sizes=\"(max-width: 1024px) 100vw, 1024px\" \/><\/a><p id=\"caption-attachment-1570\" class=\"wp-caption-text\">SL 5, politik i praktiken, m\u00f6ter riksdagsledamot Johan Kvarnstr\u00f6m<\/p><\/div>\n<p>&nbsp;<\/p>\n<p><strong>Kaisla Dahlqvist<\/strong><\/p>\n","protected":false},"excerpt":{"rendered":"<p>Idag 9 november fick studerandena i kursen \u201cPolitik i praktiken\u201d \u00e4n en g\u00e5ng lite variation i vardagen. Vi \u00e4r tacksamma f\u00f6r att riksdagsledamot Johan Kvarnstr\u00f6m tog sig tid att bes\u00f6ka&#8230;<\/p>\n","protected":false},"author":5,"featured_media":1569,"comment_status":"closed","ping_status":"closed","sticky":false,"template":"","format":"standard","meta":{"footnotes":""},"categories":[27],"tags":[],"_links":{"self":[{"href":"https:\/\/karisbillnas.fi\/snilleblixten\/wp-json\/wp\/v2\/posts\/1568"}],"collection":[{"href":"https:\/\/karisbillnas.fi\/snilleblixten\/wp-json\/wp\/v2\/posts"}],"about":[{"href":"https:\/\/karisbillnas.fi\/snilleblixten\/wp-json\/wp\/v2\/types\/post"}],"author":[{"embeddable":true,"href":"https:\/\/karisbillnas.fi\/snilleblixten\/wp-json\/wp\/v2\/users\/5"}],"replies":[{"embeddable":true,"href":"https:\/\/karisbillnas.fi\/snilleblixten\/wp-json\/wp\/v2\/comments?post=1568"}],"version-history":[{"count":6,"href":"https:\/\/karisbillnas.fi\/snilleblixten\/wp-json\/wp\/v2\/posts\/1568\/revisions"}],"predecessor-version":[{"id":1576,"href":"https:\/\/karisbillnas.fi\/snilleblixten\/wp-json\/wp\/v2\/posts\/1568\/revisions\/1576"}],"wp:featuredmedia":[{"embeddable":true,"href":"https:\/\/karisbillnas.fi\/snilleblixten\/wp-json\/wp\/v2\/media\/1569"}],"wp:attachment":[{"href":"https:\/\/karisbillnas.fi\/snilleblixten\/wp-json\/wp\/v2\/media?parent=1568"}],"wp:term":[{"taxonomy":"category","embeddable":true,"href":"https:\/\/karisbillnas.fi\/snilleblixten\/wp-json\/wp\/v2\/categories?post=1568"},{"taxonomy":"post_tag","embeddable":true,"href":"https:\/\/karisbillnas.fi\/snilleblixten\/wp-json\/wp\/v2\/tags?post=1568"}],"curies":[{"name":"wp","href":"https:\/\/api.w.org\/{rel}","templated":true}]}}