{"id":1521,"date":"2020-10-19T18:16:58","date_gmt":"2020-10-19T16:16:58","guid":{"rendered":"http:\/\/karisbillnas.fi\/snilleblixten\/?p=1521"},"modified":"2026-02-27T09:46:18","modified_gmt":"2026-02-27T07:46:18","slug":"ar-polisvaldet-i-usa-rasism","status":"publish","type":"post","link":"https:\/\/karisbillnas.fi\/snilleblixten\/2020\/10\/ar-polisvaldet-i-usa-rasism\/","title":{"rendered":"\u00c4r polisv\u00e5ldet i USA rasism?"},"content":{"rendered":"<p><strong>\u00c5ret 2020 har varit v\u00e4ldigt h\u00e4ndelserikt i USA. F\u00f6rutom coronaviruset har vi ocks\u00e5 varit vittne till enorma protester och tumult i landet. Detta fick sin b\u00f6rjan d\u00e5 en svart man vid namn George Floyd dog i polisens h\u00e4nder i Minnesota i maj. Polisen blev kallad till platsen d\u00e5 en butiks\u00e4gare hade ringt polisen och sagt att Floyd hade f\u00f6rs\u00f6kt betala med en falsk sedel. Detta eskalerade sedan till att en polis vid namn Derek Chauvin hade sitt kn\u00e4 p\u00e5 Floyds nacke i \u00e5tta minuter tills Floyd dog. Demonstrationer utbr\u00f6t inte bara i Minnesota utan runt hela landet. Dessa protester fortsatte under resten av \u00e5ret och fick nytt br\u00e4nsle d\u00e5 flera obev\u00e4pnade svarta individer har d\u00f6tt i polisens h\u00e4nder.\u00a0<\/strong><\/p>\n<p><span style=\"font-weight: 400;\">Det st\u00f6rsta problemet \u00e4r inte rasism n\u00e4r det g\u00e4ller dessa incidenter. Det finns en rad andra orsaker som bidrar till att polisv\u00e5ld f\u00f6rekommer mycket mer i USA \u00e4n i exempelvis Finland och resten av Norden.\u00a0<\/span><\/p>\n<p><span style=\"font-weight: 400;\">Polisutbildningen i USA \u00e4r v\u00e4ldigt kort j\u00e4mf\u00f6rt med andra l\u00e4nders. L\u00e4ngden p\u00e5 utbildningen \u00e4r allt mellan 10 och 36 veckor i olika delar av landet. I Minnesota \u00e4r utbildningen bara 16 veckor. Efter utbildningen spenderar de ett halvt \u00e5r tillsammans med en erfaren officer som utbildar dem vidare i riktiga situationer. Hur \u00e4r det t\u00e4nkt att en individ med n\u00e5gra m\u00e5naders utbildning ska vara kapabel att hantera kritiska situationer.<\/span><\/p>\n<p><span style=\"font-weight: 400;\">Att vara polis i USA \u00e4r ett mycket farligare jobb \u00e4n att vara polis i Europa. D\u00e4rmed tycker man ju att det skulle vara viktigt att poliserna \u00e4r v\u00e4ltr\u00e4nade f\u00f6r att kunna hantera sv\u00e5ra och farliga situationer. Vapen \u00e4r mycket vanligare i USA och d\u00e4rmed \u00e4r sannolikheten att poliser st\u00f6ter p\u00e5 kriminella med vapen st\u00f6rre. I USA \u00e4r sannolikheten 34,8 p\u00e5 tio miljoner m\u00e4nniskor att en polis blir m\u00f6rdad. I Finland \u00e4r samma siffra 1,8. Skillnaden \u00e4r enorm och visar att yrket \u00e4r v\u00e4ldigt mycket farligare i USA.\u00a0<\/span><\/p>\n<p><span style=\"font-weight: 400;\">Det som \u00e4r m\u00e4rkligt \u00e4r hur mycket finansiering polisen i USA f\u00e5r men \u00e4nd\u00e5 \u00e4r utbildningen s\u00e5 bristf\u00e4llig och kort. Finansieringen borde s\u00e4ttas p\u00e5 utbildningen ist\u00e4llet f\u00f6r utrustningen.\u00a0<\/span><\/p>\n<p><span style=\"font-weight: 400;\">Ett annat problem som f\u00f6rekommer \u00e4r att polisen anv\u00e4nder \u00f6verdrivet mycket v\u00e5ld. I m\u00e5nga situationer d\u00e4r personer har d\u00f6tt i polisens h\u00e4nder fanns det ingen orsak f\u00f6r polisen att ens ta fram sitt vapen. Polisen i USA har mycket makt och i fall som har lett till att n\u00e5gon d\u00f6tt blir poliserna s\u00e4llan d\u00f6mda f\u00f6r att ha agerat fel. Samh\u00e4llet skulle vara s\u00e4krare om polisen inte fick anv\u00e4nda hur mycket v\u00e5ld de vill.\u00a0<\/span><\/p>\n<p><span style=\"font-weight: 400;\">USA har en problematisk historia n\u00e4r det g\u00e4ller landets svarta inv\u00e5nare. Fast\u00e4n sociala reformer har genomf\u00f6rts f\u00f6r att g\u00f6ra situationen mer j\u00e4mlik s\u00e5 ser vi \u00e4n i dag sp\u00e5r fr\u00e5n den systematiska diskrimineringen och slaveriet. Ingen kan p\u00e5st\u00e5 att alla svarta har lika bra m\u00f6jligheter som vita i USA i dag. Detta leder i sin tur till brottslighet och annan orolighet bland afroamerikaner.<\/span><\/p>\n<p><span style=\"font-weight: 400;\">Om man ser p\u00e5 brottslighet per capita s\u00e5 beg\u00e5r svarta mera brott \u00e4n vita. Detta i sin tur leder till mer kontakt med polisen och d\u00e4rmed en st\u00f6rre risk att man blir skjuten av polisen. M\u00e5nga av de svarta som har blivit d\u00f6dade av polisen har beg\u00e5tt brott och i vissa fall eskalerat situationen sj\u00e4lva. Ett exempel p\u00e5 detta \u00e4r situationen som ledde till att Rayshard Brooks blev skjuten av polisen i Atlanta. Brooks var inte vid sina sinnens fulla bruk och d\u00e5 polisen skulle handboja honom stred han emot och f\u00f6rs\u00f6kte \u00e4ven skjuta polisen med deras elpistol. D\u00e5 han sedan sprang iv\u00e4g blev han skjuten i ryggen. Detta borde sj\u00e4lvklart inte vara en d\u00f6dsdom och polisen borde aldrig ha agerat som de gjorde men om Brooks aldrig hade gjort motst\u00e5nd skulle ingenting ha h\u00e4nt, han skulle troligen bara f\u00e5tt b\u00f6ter f\u00f6r att ha varit berusad.\u00a0<\/span><\/p>\n<p><span style=\"font-weight: 400;\">En annan incident som har f\u00e5tt stor uppm\u00e4rksamhet \u00e4r d\u00f6dsskjutningen av Breonna Taylor. Polisen genomf\u00f6rde en husrannsakningsorder p\u00e5 Taylors hus. Taylors pojkv\u00e4n som lagligt innehade ett vapen sk\u00f6t mot polisen d\u00e5 han trodde att poliserna var r\u00e5nare. Polisen sk\u00f6t tillbaka och Taylor blev skjuten av misstag. Att detta tas upp som ett problem med rasismen i USA \u00e4r totalt idiotiskt. Detta har ingenting med rasism att g\u00f6ra utan \u00e4r bara en oturlig olycka. Visserligen borde denna situation aldrig ha uppst\u00e5tt och poliserna borde inte ha skjutit tillbaka utan att veta vad som fanns i l\u00e4genheten. Detta \u00e4r igen ett problem med att polisen inte \u00e4r tillr\u00e4ckligt v\u00e4ltr\u00e4nade f\u00f6r sv\u00e5ra och farliga situationer.\u00a0<\/span><\/p>\n<p><span style=\"font-weight: 400;\">N\u00e4r vi ser p\u00e5 nyheterna verkar det som att alla som blir skjutna av polisen i USA \u00e4r svarta. N\u00e4stan de enda d\u00f6dsskjutningarna som internationell media visar \u00e4r fall d\u00e4r offret \u00e4r svart. Under 2020 har 28 personer blivit skjutna av polisen fast\u00e4n de har varit obev\u00e4pnade. 12 av dem var vita medan 9 var svarta, resten var av annan etnicitet eller s\u00e5 var etniciteten inte specificerad. Visserligen \u00e4r detta oproportionellt till hur stor del av befolkningen de olika etniska grupperna utg\u00f6r. Andra \u00e5r har liknande statistik med fler vita offer \u00e4n svarta f\u00f6rutom 2015 d\u00e5 svarta faktiskt var en majoritet av de som blev skjutna fast\u00e4n de var obev\u00e4pnade.\u00a0<\/span><\/p>\n<p><span style=\"font-weight: 400;\">Ett annat problem med nyheter \u00e4r att d\u00e5 en svart individ blir m\u00f6rdad av en polis n\u00e4mns att personen \u00e4r svart. D\u00e4remot d\u00e5 en vit person blir m\u00f6rdad n\u00e4mns personens etnicitet just aldrig. Exempelvis i fallet med Breonna Taylor n\u00e4mns i f\u00f6rsta meningen i New York Times artikel att hon de facto var en svart kvinna fast\u00e4n fallet inte hade n\u00e5gonting med rasism att g\u00f6ra. Detta \u00e4r faktumet i m\u00e5nga andra artiklar om svarta offer. D\u00e4remot d\u00e5 Tony Timpa, en vit man med schizofreni blev kn\u00e4ad till d\u00f6ds, p\u00e5 samma s\u00e4tt som George Floyd n\u00e4mns hans etnicitet inte i en enda artikel. Samma sak skedde d\u00e5 en 13 \u00e5r gammal pojke vid namn Linden Cameron med aspergers blev skjuten av polisen. Hans etnicitet n\u00e4mns inte en enda g\u00e5ng. Att n\u00e4mna att offren \u00e4r svarta fast\u00e4n fallen inte alls har med rasism att g\u00f6ra, ger ett falskt orsakssamband mellan ras och polisv\u00e5ld och st\u00e4rker de etniska mots\u00e4ttningarna i samh\u00e4llet.\u00a0<\/span><\/p>\n<p><span style=\"font-weight: 400;\">I l\u00e4nder som Finland \u00e4r det enkelt att kritisera systemet i USA men de har problem som vi i Finland aldrig st\u00f6ter p\u00e5. D\u00e4remot m\u00e5ste n\u00e5gonting g\u00f6ras f\u00f6r att det ska ske f\u00f6r\u00e4ndringar i USA. Man m\u00e5ste genomf\u00f6ra reformer och systemet m\u00e5ste \u00e4ndras, om detta inte sker kommer polisbrutalitet forts\u00e4tta intr\u00e4ffa runt landet. Att f\u00f6r\u00e4ndra landet \u00e4r dock l\u00e4ttare sagt \u00e4n gjort, speciellt d\u00e5 USA \u00e4r s\u00e5 politiskt tudelat. Denna tudelning f\u00f6rst\u00e4rks av b\u00e5da sidorna av det politiska spektrumet och att media f\u00f6rs\u00f6ker f\u00f6ra fram sin egen agenda hj\u00e4lper inte saken heller.\u00a0<\/span><\/p>\n<p><strong>Andreas Vuorinen<\/strong><\/p>\n<p><a href=\"https:\/\/www.washingtonpost.com\/graphics\/investigations\/police-shootings-database\/\"><span style=\"font-weight: 400;\">https:\/\/www.washingtonpost.com\/graphics\/investigations\/police-shootings-database\/<\/span><\/a><span style=\"font-weight: 400;\"><br \/>\n<\/span><a href=\"https:\/\/ucr.fbi.gov\/crime-in-the-u.s\/2017\/crime-in-the-u.s.-2017\/tables\/table-43\"><span style=\"font-weight: 400;\">https:\/\/ucr.fbi.gov\/crime-in-the-u.s\/2017\/crime-in-the-u.s.-2017\/tables\/table-43<\/span><\/a><span style=\"font-weight: 400;\"><br \/>\n<\/span><a href=\"https:\/\/www.theguardian.com\/us-news\/2019\/aug\/02\/dallas-police-officers-video-bodycam-tony-timpa\"><span style=\"font-weight: 400;\">https:\/\/www.theguardian.com\/us-news\/2019\/aug\/02\/dallas-police-officers-video-bodycam-tony-timpa<br \/>\n<\/span><\/a><a href=\"https:\/\/www.bbc.com\/news\/world-us-canada-54041549\"><span style=\"font-weight: 400;\">https:\/\/www.bbc.com\/news\/world-us-canada-54041549<\/span><\/a><span style=\"font-weight: 400;\"><br \/>\n<\/span><a href=\"https:\/\/www.nytimes.com\/article\/breonna-taylor-police.html\"><span style=\"font-weight: 400;\">https:\/\/www.nytimes.com\/article\/breonna-taylor-police.html<\/span><\/a><span style=\"font-weight: 400;\"><br \/>\n<\/span><a href=\"https:\/\/en.wikipedia.org\/wiki\/List_of_killings_by_law_enforcement_officers_by_country\"><span style=\"font-weight: 400;\">https:\/\/en.wikipedia.org\/wiki\/List_of_killings_by_law_enforcement_officers_by_country<\/span><\/a><span style=\"font-weight: 400;\"><br \/>\n<\/span><a href=\"https:\/\/www.cbsnews.com\/news\/police-training-weeks-united-states\/\"><span style=\"font-weight: 400;\">https:\/\/www.cbsnews.com\/news\/police-training-weeks-united-states\/<\/span><\/a><span style=\"font-weight: 400;\">\u00a0<\/span><\/p>\n","protected":false},"excerpt":{"rendered":"<p>\u00c5ret 2020 har varit v\u00e4ldigt h\u00e4ndelserikt i USA. F\u00f6rutom coronaviruset har vi ocks\u00e5 varit vittne till enorma protester och tumult i landet. Detta fick sin b\u00f6rjan d\u00e5 en svart man&#8230;<\/p>\n","protected":false},"author":5,"featured_media":0,"comment_status":"closed","ping_status":"closed","sticky":false,"template":"","format":"standard","meta":{"footnotes":""},"categories":[27],"tags":[],"_links":{"self":[{"href":"https:\/\/karisbillnas.fi\/snilleblixten\/wp-json\/wp\/v2\/posts\/1521"}],"collection":[{"href":"https:\/\/karisbillnas.fi\/snilleblixten\/wp-json\/wp\/v2\/posts"}],"about":[{"href":"https:\/\/karisbillnas.fi\/snilleblixten\/wp-json\/wp\/v2\/types\/post"}],"author":[{"embeddable":true,"href":"https:\/\/karisbillnas.fi\/snilleblixten\/wp-json\/wp\/v2\/users\/5"}],"replies":[{"embeddable":true,"href":"https:\/\/karisbillnas.fi\/snilleblixten\/wp-json\/wp\/v2\/comments?post=1521"}],"version-history":[{"count":3,"href":"https:\/\/karisbillnas.fi\/snilleblixten\/wp-json\/wp\/v2\/posts\/1521\/revisions"}],"predecessor-version":[{"id":2930,"href":"https:\/\/karisbillnas.fi\/snilleblixten\/wp-json\/wp\/v2\/posts\/1521\/revisions\/2930"}],"wp:attachment":[{"href":"https:\/\/karisbillnas.fi\/snilleblixten\/wp-json\/wp\/v2\/media?parent=1521"}],"wp:term":[{"taxonomy":"category","embeddable":true,"href":"https:\/\/karisbillnas.fi\/snilleblixten\/wp-json\/wp\/v2\/categories?post=1521"},{"taxonomy":"post_tag","embeddable":true,"href":"https:\/\/karisbillnas.fi\/snilleblixten\/wp-json\/wp\/v2\/tags?post=1521"}],"curies":[{"name":"wp","href":"https:\/\/api.w.org\/{rel}","templated":true}]}}