{"id":1489,"date":"2020-05-25T13:50:29","date_gmt":"2020-05-25T11:50:29","guid":{"rendered":"http:\/\/karisbillnas.fi\/snilleblixten\/?p=1489"},"modified":"2020-05-25T14:03:29","modified_gmt":"2020-05-25T12:03:29","slug":"nu-ar-det-var","status":"publish","type":"post","link":"https:\/\/karisbillnas.fi\/snilleblixten\/2020\/05\/nu-ar-det-var\/","title":{"rendered":"Nu \u00e4r det v\u00e5r"},"content":{"rendered":"<p><a href=\"https:\/\/karisbillnas.fi\/snilleblixten\/2020\/05\/nu-ar-det-var\/karin-2\/\" rel=\"attachment wp-att-1495\"><img loading=\"lazy\" decoding=\"async\" class=\"aligncenter wp-image-1495 size-large\" src=\"https:\/\/karisbillnas.fi\/snilleblixten\/wp-content\/uploads\/2020\/05\/Karin-1-e1590408183492-1024x627.jpeg\" alt=\"\" width=\"1024\" height=\"627\" srcset=\"https:\/\/karisbillnas.fi\/snilleblixten\/wp-content\/uploads\/2020\/05\/Karin-1-e1590408183492-1024x627.jpeg 1024w, https:\/\/karisbillnas.fi\/snilleblixten\/wp-content\/uploads\/2020\/05\/Karin-1-e1590408183492-300x184.jpeg 300w, https:\/\/karisbillnas.fi\/snilleblixten\/wp-content\/uploads\/2020\/05\/Karin-1-e1590408183492-768x471.jpeg 768w, https:\/\/karisbillnas.fi\/snilleblixten\/wp-content\/uploads\/2020\/05\/Karin-1-e1590408183492.jpeg 1064w\" sizes=\"(max-width: 1024px) 100vw, 1024px\" \/><\/a><\/p>\n<p><strong>Blir det n\u00e5gon fest? Vad har du t\u00e4nkt g\u00f6ra i h\u00f6st? Har du studieplats redan? Har du f\u00e5tt sommarjobb redan? Det h\u00e4r \u00e4r fr\u00e5gor som jag, en nybliven student, f\u00e5r h\u00f6ra flera g\u00e5nger i veckan. Vilket annat \u00e5r som helst skulle jag antagligen ha kunnat svara utan st\u00f6rre problem, men i \u00e5r \u00e4r mitt liv os\u00e4kert. Vad ska jag g\u00f6ra nu?<\/strong><\/p>\n<p><span style=\"font-weight: 400;\">Jag hade hela mitt \u00e5r planerat redan f\u00f6rra h\u00f6sten. Det var meningen att jag skulle skriva studenten i vanlig ordning, ta ungef\u00e4r en m\u00e5nad ledigt och sedan b\u00f6rja jobba efter p\u00e5sk. Jag skulle jobba i princip hela sommaren och spara in pengar tills jag skulle \u00e5ka utomlands i h\u00f6st. Jag svarade g\u00e4rna p\u00e5 fr\u00e5gorna som st\u00e4lldes och var r\u00e4tt optimistisk. Nu n\u00e4r n\u00e5gon fr\u00e5gar mig vad jag ska g\u00f6ra b\u00f6rjar jag med \u201cjag vet inte riktigt\u201d. Jag \u00e4r anm\u00e4ld till en folkh\u00f6gskola utomlands, men vem vet om det g\u00e5r som planerat. Kanske kommer en andra v\u00e5g av covid-19 och gr\u00e4nserna st\u00e4ngs s\u00e5 att jag inte f\u00e5r \u00e5ka. Vad g\u00f6r jag d\u00e5?<\/span><\/p>\n<p><span style=\"font-weight: 400;\">Varje dag undrar jag hur mitt liv kommer att se ut. Ingen i hela v\u00e4rlden vet hur denna kris kommer att l\u00f6sas eller vilken effekt den kommer att ha p\u00e5 v\u00e5r v\u00e4rld. Det finns m\u00e5nga olika s\u00e4tt att f\u00f6rh\u00e5lla sig till den och m\u00e5nga s\u00e4tt att f\u00f6rs\u00f6ka h\u00e5lla hum\u00f6ret uppe, men n\u00e4r man h\u00f6rt \u201cdu \u00e4r inte ensam\u201d, \u201cdet skulle kunna vara v\u00e4rre\u201d, \u201cvi p\u00e5verkas alla p\u00e5 olika s\u00e4tt\u201d d\u00e5 b\u00f6rjar orden k\u00e4nnas tomma.\u00a0 Det finns den m\u00f6jligheten att v\u00e5r v\u00e4rld kommer att bli starkare d\u00e5 denna kris \u00e4r \u00f6ver. Kanske alla sjukdomar kommer ha det sv\u00e5rare att sprida sig d\u00e5 alla b\u00f6rjar tv\u00e4tta h\u00e4nderna. Kanske det kommer leda till nya och st\u00f6rre innovationer, uppfinningar som f\u00f6r\u00e4ndrar v\u00e4rlden. Det l\u00f6nar sig s\u00e4kert att f\u00f6rs\u00f6ka ha en positiv inst\u00e4llning, men det \u00e4r sv\u00e5rt. Allting k\u00e4nns som den vinter vi har haft. L\u00e5ng, v\u00e5t, ensam och gr\u00e5.<\/span><\/p>\n<p><span style=\"font-weight: 400;\">Vi vill alla att det h\u00e4r ska g\u00e5 \u00f6ver. Vi vill \u00e5terg\u00e5 till det liv vi hade. Vi vill ha v\u00e5ra studentkalas och konfirmationer, filmkv\u00e4llar med v\u00e4nnerna och alla m\u00f6jliga andra evenemang. Tids nog kommer det nog att bli s\u00e5 ocks\u00e5. M\u00e5nga av de starkaste pandemierna har varat ett \u00e5r eller flera, men livet har \u00e4nd\u00e5 \u00e5terg\u00e5tt till det normala. Om fem eller tio \u00e5r kommer det att vara b\u00e4ttre. D\u00e5 kan vi igen fira och festa. Tills dess \u00e4r det helt okej att vara besviken. Det \u00e4r okej att vara os\u00e4ker. Livet brukar trots alla motg\u00e5ngar g\u00e5 vidare.<\/span><\/p>\n<p><span style=\"font-weight: 400;\">Inkommande l\u00f6rdag skulle ha varit min studentdimission. Jag har tid bokat till fris\u00f6ren och de tulpaner som min mamma odlat f\u00f6r min studentfest blommar som vackrast just nu. Det \u00e4r l\u00e4tt att fastna i negativa tankar och st\u00e4mningar, men titta ut genom f\u00f6nstret. Det \u00e4r v\u00e5r. V\u00e5ren representerar ofta p\u00e5nyttf\u00f6delse, och det k\u00e4nns som att efter en l\u00e5ng, v\u00e5t h\u00f6st-vinter (vad man nu vill kalla den), som att livet \u00e5terv\u00e4nder. Trots att det inte blir n\u00e5gon dimission p\u00e5 l\u00f6rdag t\u00e4nker jag inte vara deppig. Det \u00e4r fortfarande min dag. Jag \u00e4r fortfarande student. Jag t\u00e4nker g\u00e5 till fris\u00f6ren och jag t\u00e4nker kl\u00e4 upp mig lite. Jag och min familj firar lite tillsammans och tar lite bilder.\u00a0 Allting kommer att bli okej igen. Det \u00e4r v\u00e5r igen.\u00a0<\/span><\/p>\n<p>&nbsp;<\/p>\n<p><strong>Karin Westerlund<\/strong><\/p>\n","protected":false},"excerpt":{"rendered":"<p>Blir det n\u00e5gon fest? Vad har du t\u00e4nkt g\u00f6ra i h\u00f6st? Har du studieplats redan? Har du f\u00e5tt sommarjobb redan? Det h\u00e4r \u00e4r fr\u00e5gor som jag, en nybliven student, f\u00e5r&#8230;<\/p>\n","protected":false},"author":5,"featured_media":1495,"comment_status":"closed","ping_status":"closed","sticky":false,"template":"","format":"standard","meta":{"footnotes":""},"categories":[27],"tags":[],"_links":{"self":[{"href":"https:\/\/karisbillnas.fi\/snilleblixten\/wp-json\/wp\/v2\/posts\/1489"}],"collection":[{"href":"https:\/\/karisbillnas.fi\/snilleblixten\/wp-json\/wp\/v2\/posts"}],"about":[{"href":"https:\/\/karisbillnas.fi\/snilleblixten\/wp-json\/wp\/v2\/types\/post"}],"author":[{"embeddable":true,"href":"https:\/\/karisbillnas.fi\/snilleblixten\/wp-json\/wp\/v2\/users\/5"}],"replies":[{"embeddable":true,"href":"https:\/\/karisbillnas.fi\/snilleblixten\/wp-json\/wp\/v2\/comments?post=1489"}],"version-history":[{"count":4,"href":"https:\/\/karisbillnas.fi\/snilleblixten\/wp-json\/wp\/v2\/posts\/1489\/revisions"}],"predecessor-version":[{"id":1496,"href":"https:\/\/karisbillnas.fi\/snilleblixten\/wp-json\/wp\/v2\/posts\/1489\/revisions\/1496"}],"wp:featuredmedia":[{"embeddable":true,"href":"https:\/\/karisbillnas.fi\/snilleblixten\/wp-json\/wp\/v2\/media\/1495"}],"wp:attachment":[{"href":"https:\/\/karisbillnas.fi\/snilleblixten\/wp-json\/wp\/v2\/media?parent=1489"}],"wp:term":[{"taxonomy":"category","embeddable":true,"href":"https:\/\/karisbillnas.fi\/snilleblixten\/wp-json\/wp\/v2\/categories?post=1489"},{"taxonomy":"post_tag","embeddable":true,"href":"https:\/\/karisbillnas.fi\/snilleblixten\/wp-json\/wp\/v2\/tags?post=1489"}],"curies":[{"name":"wp","href":"https:\/\/api.w.org\/{rel}","templated":true}]}}