{"id":1473,"date":"2020-04-17T11:11:06","date_gmt":"2020-04-17T09:11:06","guid":{"rendered":"http:\/\/karisbillnas.fi\/snilleblixten\/?p=1473"},"modified":"2020-04-17T11:22:36","modified_gmt":"2020-04-17T09:22:36","slug":"coronaviruset-ett-globalt-fenomen-i-raseborg","status":"publish","type":"post","link":"https:\/\/karisbillnas.fi\/snilleblixten\/2020\/04\/coronaviruset-ett-globalt-fenomen-i-raseborg\/","title":{"rendered":"Coronaviruset &#8211; ett globalt fenomen i Raseborg"},"content":{"rendered":"<div id=\"attachment_1474\" style=\"width: 480px\" class=\"wp-caption alignleft\"><a href=\"https:\/\/karisbillnas.fi\/snilleblixten\/2020\/04\/coronaviruset-ett-globalt-fenomen-i-raseborg\/kopmansgatan\/\" rel=\"attachment wp-att-1474\"><img loading=\"lazy\" decoding=\"async\" aria-describedby=\"caption-attachment-1474\" class=\"wp-image-1474 \" src=\"https:\/\/karisbillnas.fi\/snilleblixten\/wp-content\/uploads\/2020\/04\/kopmansgatan-e1587114111219.jpg\" alt=\"\" width=\"470\" height=\"409\" srcset=\"https:\/\/karisbillnas.fi\/snilleblixten\/wp-content\/uploads\/2020\/04\/kopmansgatan-e1587114111219.jpg 340w, https:\/\/karisbillnas.fi\/snilleblixten\/wp-content\/uploads\/2020\/04\/kopmansgatan-e1587114111219-300x260.jpg 300w\" sizes=\"(max-width: 470px) 100vw, 470px\" \/><\/a><p id=\"caption-attachment-1474\" class=\"wp-caption-text\">K\u00f6pmansgatan, Karis 3.4.2020. Bild: Edward Falenius<\/p><\/div>\n<p>&nbsp;<\/p>\n<p>&nbsp;<\/p>\n<p>&nbsp;<\/p>\n<p>&nbsp;<\/p>\n<p>&nbsp;<\/p>\n<p>&nbsp;<\/p>\n<p>&nbsp;<\/p>\n<p>&nbsp;<\/p>\n<p>&nbsp;<\/p>\n<p>&nbsp;<\/p>\n<p>&nbsp;<\/p>\n<p>&nbsp;<\/p>\n<p>&nbsp;<\/p>\n<p><strong>Den r\u00e5dande coronaviruspandemin v\u00e4cker beslutsfattarna p\u00e5 internationell niv\u00e5. Men hur syns virusets effekter p\u00e5 lokal niv\u00e5?<\/strong><\/p>\n<p><span style=\"font-weight: 400;\">Raseborgs stadsstyrelsens ordf\u00f6rande Anders Walls har svar p\u00e5 dessa fr\u00e5gor.<\/span><\/p>\n<div id=\"attachment_1475\" style=\"width: 488px\" class=\"wp-caption alignleft\"><a href=\"https:\/\/karisbillnas.fi\/snilleblixten\/2020\/04\/coronaviruset-ett-globalt-fenomen-i-raseborg\/walls\/\" rel=\"attachment wp-att-1475\"><img loading=\"lazy\" decoding=\"async\" aria-describedby=\"caption-attachment-1475\" class=\"wp-image-1475 \" src=\"https:\/\/karisbillnas.fi\/snilleblixten\/wp-content\/uploads\/2020\/04\/Walls-1024x576.jpg\" alt=\"\" width=\"478\" height=\"275\" \/><\/a><p id=\"caption-attachment-1475\" class=\"wp-caption-text\">Stadsstyrelsens ordf\u00f6rande Anders Walls (SFP). Bild: Yle\/Tove Virta<\/p><\/div>\n<p>&nbsp;<\/p>\n<p>&nbsp;<\/p>\n<p>&nbsp;<\/p>\n<p>&nbsp;<\/p>\n<p>&nbsp;<\/p>\n<p>&nbsp;<\/p>\n<p>&nbsp;<\/p>\n<p>&nbsp;<\/p>\n<p>&nbsp;<\/p>\n<p><span style=\"font-weight: 400;\">Raseborgs stad p\u00e5verkas av Covid-19 trots f\u00e5 bekr\u00e4ftade fall i staden. F\u00f6rberedande \u00e5tg\u00e4rder fr\u00e4mst inom h\u00e4lsov\u00e5rden har k\u00f6rt ig\u00e5ng och bibliotek samt idrottsanl\u00e4ggningar har st\u00e4ngt.\u00a0<\/span><\/p>\n<p><span style=\"font-weight: 400;\">&#8211; Det syns ocks\u00e5 att mindre folk \u00e4r i r\u00f6relse, s\u00e4ger Walls.<\/span><\/p>\n<p><span style=\"font-weight: 400;\">Stadens beslutsfattande har satts p\u00e5 prov d\u00e5 man var tvungen att revidera f\u00f6rvaltningsstadgan. 6.4 besl\u00f6ts om ett till\u00e4gg att virtuella m\u00f6ten ska vara m\u00f6jliga i stadens olika organ.\u00a0<\/span><\/p>\n<p><span style=\"font-weight: 400;\">&#8211; Annars \u00e4r beslutsfattandet of\u00f6r\u00e4ndrat, statliga myndigheterna best\u00e4mmer i h\u00f6g grad om begr\u00e4nsningarna, s\u00e4ger Walls. Han p\u00e5pekar \u00e4ven att det r\u00e5der enighet mellan de lokala politikerna och tj\u00e4nstem\u00e4nnen just nu.<\/span><\/p>\n<p><span style=\"font-weight: 400;\">De lokala f\u00f6retagen har det h\u00e5rt just nu och <\/span><a href=\"https:\/\/www.raseborg.fi\/raseborgs-stad-uppmanar-alla-att-kopa-lokalt-kop-lokalt-kampanj\"><span style=\"font-weight: 400;\">marknadsf\u00f6ringskampanjer <\/span><\/a><span style=\"font-weight: 400;\">har k\u00f6rts ig\u00e5ng fr\u00e5n stadens sida f\u00f6r att locka inv\u00e5narna att handla lokalt. D\u00e5 efterfr\u00e5gan p\u00e5 vissa produkter sjunkit drastiskt kan sm\u00e5 enmansf\u00f6retag <\/span><a href=\"https:\/\/www.raseborg.fi\/ansokning-av-coronastod-pa-2-000-euro-for-egenforetagare-oppnas-i-vastra-nyland\"><span style=\"font-weight: 400;\">ans\u00f6ka om st\u00f6d p\u00e5 2000\u20ac<\/span><\/a><span style=\"font-weight: 400;\">. Regeringen besl\u00f6t den 6.4 att 250 miljoner euro ska avs\u00e4ttas till sm\u00e5f\u00f6retag som st\u00f6d via kommunerna. St\u00f6rre f\u00f6retag kan ans\u00f6ka om st\u00f6d fr\u00e5n NTM-centralen, och de allra st\u00f6rsta fr\u00e5n Business Finland.<\/span><\/p>\n<p><span style=\"font-weight: 400;\">Tekniska n\u00e4mnden besl\u00f6t 14.4.2020 att h\u00e5rt drabbade f\u00f6retag kan ans\u00f6ka om hyresfrihet. Staden har \u00e4ven s\u00e4nkt hyrorna i lokaler som hyrs av f\u00f6retag och f\u00f6reningar.\u00a0<\/span><\/p>\n<p><span style=\"font-weight: 400;\">Minskat arbete inom stadens st\u00e4ngda verksamhetsomr\u00e5den, s\u00e5som bibliotek och idrottsanl\u00e4ggningar har lett till <\/span><a href=\"https:\/\/www.vastranyland.fi\/artikel\/raseborgs-stad-samarbetsforhandlar\/\"><span style=\"font-weight: 400;\">samarbetsf\u00f6rhandlingar<\/span><\/a><span style=\"font-weight: 400;\">. Walls ber\u00e4ttar att f\u00f6rvaltningsstadgan har \u00e4ndrats s\u00e5 att det i forts\u00e4ttningen \u00e4r stadsstyrelsen som beslutar om permittering av personal.<\/span><\/p>\n<p><span style=\"font-weight: 400;\">&#8211; F\u00f6rst\u00e5s ser man alltid ifall det finns ett ers\u00e4ttande jobb som personen kan g\u00f6ra, men i v\u00e4rsta fall \u00e4r staden tvungen att permittera folk, konstaterar Walls.<\/span><\/p>\n<p>&nbsp;<\/p>\n<p><strong>Kaisla Dahlqvist<\/strong><\/p>\n<p>&nbsp;<\/p>\n","protected":false},"excerpt":{"rendered":"<p>&nbsp; &nbsp; &nbsp; &nbsp; &nbsp; &nbsp; &nbsp; &nbsp; &nbsp; &nbsp; &nbsp; &nbsp; &nbsp; Den r\u00e5dande coronaviruspandemin v\u00e4cker beslutsfattarna p\u00e5 internationell niv\u00e5. Men hur syns virusets effekter p\u00e5 lokal niv\u00e5? Raseborgs&#8230;<\/p>\n","protected":false},"author":5,"featured_media":1474,"comment_status":"closed","ping_status":"closed","sticky":false,"template":"","format":"standard","meta":{"footnotes":""},"categories":[27],"tags":[],"_links":{"self":[{"href":"https:\/\/karisbillnas.fi\/snilleblixten\/wp-json\/wp\/v2\/posts\/1473"}],"collection":[{"href":"https:\/\/karisbillnas.fi\/snilleblixten\/wp-json\/wp\/v2\/posts"}],"about":[{"href":"https:\/\/karisbillnas.fi\/snilleblixten\/wp-json\/wp\/v2\/types\/post"}],"author":[{"embeddable":true,"href":"https:\/\/karisbillnas.fi\/snilleblixten\/wp-json\/wp\/v2\/users\/5"}],"replies":[{"embeddable":true,"href":"https:\/\/karisbillnas.fi\/snilleblixten\/wp-json\/wp\/v2\/comments?post=1473"}],"version-history":[{"count":11,"href":"https:\/\/karisbillnas.fi\/snilleblixten\/wp-json\/wp\/v2\/posts\/1473\/revisions"}],"predecessor-version":[{"id":1488,"href":"https:\/\/karisbillnas.fi\/snilleblixten\/wp-json\/wp\/v2\/posts\/1473\/revisions\/1488"}],"wp:featuredmedia":[{"embeddable":true,"href":"https:\/\/karisbillnas.fi\/snilleblixten\/wp-json\/wp\/v2\/media\/1474"}],"wp:attachment":[{"href":"https:\/\/karisbillnas.fi\/snilleblixten\/wp-json\/wp\/v2\/media?parent=1473"}],"wp:term":[{"taxonomy":"category","embeddable":true,"href":"https:\/\/karisbillnas.fi\/snilleblixten\/wp-json\/wp\/v2\/categories?post=1473"},{"taxonomy":"post_tag","embeddable":true,"href":"https:\/\/karisbillnas.fi\/snilleblixten\/wp-json\/wp\/v2\/tags?post=1473"}],"curies":[{"name":"wp","href":"https:\/\/api.w.org\/{rel}","templated":true}]}}