{"id":1465,"date":"2020-03-15T15:20:49","date_gmt":"2020-03-15T14:20:49","guid":{"rendered":"http:\/\/karisbillnas.fi\/snilleblixten\/?p=1465"},"modified":"2020-03-15T15:20:50","modified_gmt":"2020-03-15T14:20:50","slug":"blommor-och-blod-eva-frantz-bjuder-pa-lasgladje","status":"publish","type":"post","link":"https:\/\/karisbillnas.fi\/snilleblixten\/2020\/03\/blommor-och-blod-eva-frantz-bjuder-pa-lasgladje\/","title":{"rendered":"Blommor och blod &#8211; Eva Frantz bjuder p\u00e5 l\u00e4sgl\u00e4dje"},"content":{"rendered":"<p><strong><a href=\"https:\/\/karisbillnas.fi\/snilleblixten\/2020\/03\/blommor-och-blod-eva-frantz-bjuder-pa-lasgladje\/franz1\/\" rel=\"attachment wp-att-1468\"><img loading=\"lazy\" decoding=\"async\" class=\"aligncenter size-full wp-image-1468\" src=\"https:\/\/karisbillnas.fi\/snilleblixten\/wp-content\/uploads\/2020\/03\/franz1.jpg\" alt=\"\" width=\"345\" height=\"512\" srcset=\"https:\/\/karisbillnas.fi\/snilleblixten\/wp-content\/uploads\/2020\/03\/franz1.jpg 345w, https:\/\/karisbillnas.fi\/snilleblixten\/wp-content\/uploads\/2020\/03\/franz1-202x300.jpg 202w\" sizes=\"(max-width: 345px) 100vw, 345px\" \/><\/a>Anna Glad \u00e4r polisdetektiv i en liten f\u00f6rort d\u00e4r bloggning \u00e4r n\u00e5got som intresserar m\u00e5nga. I den ytterst popul\u00e4ra bloggen \u201cBecca i Bl\u00e5 villan\u201d verkar livet perfekt med den ideala familjen och det idylliska hemmet, men allting \u00e4r inte som det verkar i Bl\u00e5 villan. Bakom kulisserna finns en v\u00e4ldigt annorlunda verklighet som best\u00e5r mer av gr\u00e4l, d\u00f6dshot och v\u00e5ld \u00e4n vackra blommor och harmoniska st\u00e4mningar. Allt detta kulminerar d\u00e5 bloggerskan Becca Stenlund blir angripen i det stilrena hemmet, ett anfall som l\u00e4mnar henne medvetsl\u00f6s p\u00e5 sjukhus. Det \u00e4r Anna Glads uppgift att lista ut vem som skulle vilja skada den synbarligen perfekta m\u00e4nniskan i Bl\u00e5 villan.<\/strong><\/p>\n<p><span style=\"font-weight: 400;\">I dagens digitala v\u00e4rld l\u00e4ser vi inte b\u00f6cker p\u00e5 samma s\u00e4tt som man gjorde tidigare. Sj\u00e4lv har jag l\u00e4st b\u00f6cker sen jag var liten men under de senaste \u00e5ren har det blivit allt mindre trots att jag g\u00e4rna skulle l\u00e4sa. Det har blivit sv\u00e5rare att hitta b\u00f6cker som skulle v\u00e4cka l\u00e4sgl\u00e4djen. Eva Frantz lyckats d\u00e4r m\u00e5nga andra har f\u00f6rs\u00f6kt men inte haft n\u00e5gon framg\u00e5ng. Boken \u201c<\/span><i><span style=\"font-weight: 400;\">Bl\u00e5 villan<\/span><\/i><span style=\"font-weight: 400;\">\u201d v\u00e4ckte min l\u00e4sgl\u00e4dje igen och det var en underbar k\u00e4nsla att sitta fast i en bok och bara vilja gl\u00f6mma resten av v\u00e4rlden och l\u00e4sa vidare. Varje kapitel bidrog med fler ledtr\u00e5dar som tillsammans, riktigt i slutet, visar hela bilden s\u00e5 att l\u00e4saren \u00e4ntligen inser vad som p\u00e5g\u00e5r.<\/span><\/p>\n<p><span style=\"font-weight: 400;\">Eva Frantz har gett ut fyra romaner. Debutromanen \u201c<\/span><i><span style=\"font-weight: 400;\">Sommar\u00f6n\u201d<\/span><\/i><span style=\"font-weight: 400;\"> kom ut \u00e5r 2016, \u00e5ret efter det (2017) kom \u201c<\/span><i><span style=\"font-weight: 400;\">Bl\u00e5 villan<\/span><\/i><span style=\"font-weight: 400;\">\u201d, \u201c<\/span><i><span style=\"font-weight: 400;\">Hallonbacken<\/span><\/i><span style=\"font-weight: 400;\">\u201d och \u201c<\/span><i><span style=\"font-weight: 400;\">Den \u00e5ttonde t\u00e4rnan<\/span><\/i><span style=\"font-weight: 400;\">\u201d gavs ut 2018. \u201c<\/span><i><span style=\"font-weight: 400;\">Bl\u00e5 villan<\/span><\/i><span style=\"font-weight: 400;\">\u201d och \u201c<\/span><i><span style=\"font-weight: 400;\">Den \u00e5ttonde t\u00e4rnan<\/span><\/i><span style=\"font-weight: 400;\">\u201d \u00e4r b\u00e5de b\u00f6cker som f\u00f6ljer \u00e4ldre kriminalkonstapel Anna Glad och hennes \u00e4ventyr. En sista bok i serien ska komma ut under v\u00e5ren 2020 med titeln \u201c<\/span><i><span style=\"font-weight: 400;\">F\u00f6r han var redan d\u00f6<\/span><\/i><span style=\"font-weight: 400;\">\u201d. Eva Frantz har bloggat i \u00f6ver fem \u00e5r och jobbar som journalist.\u00a0<\/span><\/p>\n<p><span style=\"font-weight: 400;\">Enligt mig \u00e4r Frantz en v\u00e4ldigt bra f\u00f6rfattare. N\u00e4r man l\u00e4ser hennes bok kan man f\u00f6rs\u00f6ka lista ut vad som h\u00e4nt och varf\u00f6r, som man brukar n\u00e4r man l\u00e4ser en deckare, men Frantz lyckas h\u00e5lla l\u00f6sningen hemlig. Man f\u00f6ljer med Anna Glad, hennes kollega Rolf, Beccas make Peter och ett antal andra karakt\u00e4rer. Alla karakt\u00e4rer \u00e4r trevligt runda d\u00e5 man ser m\u00e5nga sidor av dem alla. Allt fr\u00e5n hur de g\u00e5r kl\u00e4dda till de relationer de har och deras f\u00f6rflutna v\u00e4vs in i resten av historien och g\u00f6r att alla\u00a0 blir v\u00e4ldigt realistiska. Detta g\u00e4ller f\u00f6r allting i boken. Frantz s\u00e4tt att skriva skapar en bro mellan bokens karakt\u00e4rer och l\u00e4saren. Man kan t\u00e4nka sig att h\u00e4ndelserna i boken skulle kunna h\u00e4nda i verkliga livet och man f\u00f6rst\u00e5r hur karakt\u00e4rerna t\u00e4nker. Jag har sj\u00e4lv blivit f\u00e4st vid Anna Glad och kommer definitivt att l\u00e4sa fler av de b\u00f6ckerna d\u00e4r hon figurerar.<\/span><\/p>\n<p><span style=\"font-weight: 400;\">F\u00f6r att sammanfatta, om man vill gl\u00f6mma bort v\u00e4rlden en stund kan det vara en bra id\u00e9 att plocka upp \u201c<\/span><i><span style=\"font-weight: 400;\">Bl\u00e5 villan<\/span><\/i><span style=\"font-weight: 400;\">\u201d av Eva Frantz. Det g\u00e5r l\u00e4tt att tappa bort sig i de detaljrika milj\u00f6erna, karakt\u00e4rernas konflikter, intrigen och sp\u00e4nningen. Ber\u00e4ttelsen l\u00f6per som en v\u00e4loljad maskin och \u00e4ven om man inte l\u00e4ser mycket i vardagen kan man uppskatta den h\u00e4r boken eftersom den inte \u00e4r v\u00e4ldigt l\u00e5ng med spr\u00e5k som g\u00e5r l\u00e4tt att l\u00e4sa och f\u00f6rst\u00e5. \u201c<\/span><i><span style=\"font-weight: 400;\">Bl\u00e5 villan\u201d<\/span><\/i><span style=\"font-weight: 400;\"> \u00e4r enligt mig en bok som det l\u00f6nar sig att l\u00e4sa, \u00e4ven om man inte vanligtvis l\u00e4ser deckare. Det \u00e4r ett \u00e4ventyr som f\u00f6rtj\u00e4nar att bli utforskat.<\/span><\/p>\n<div id=\"attachment_1466\" style=\"width: 522px\" class=\"wp-caption alignleft\"><img loading=\"lazy\" decoding=\"async\" aria-describedby=\"caption-attachment-1466\" class=\"wp-image-1466 size-full\" src=\"https:\/\/karisbillnas.fi\/snilleblixten\/wp-content\/uploads\/2020\/03\/franz.jpg\" alt=\"\" width=\"512\" height=\"382\" srcset=\"https:\/\/karisbillnas.fi\/snilleblixten\/wp-content\/uploads\/2020\/03\/franz.jpg 512w, https:\/\/karisbillnas.fi\/snilleblixten\/wp-content\/uploads\/2020\/03\/franz-300x224.jpg 300w\" sizes=\"(max-width: 512px) 100vw, 512px\" \/><p id=\"caption-attachment-1466\" class=\"wp-caption-text\">M\u00e5nga skulle (kanske omedvetet) k\u00e4nna igen Eva Frantz v\u00e4lbekanta r\u00f6st eftersom hon i flera \u00e5r varit en av de som bjudit p\u00e5 det finlandssvenska referatet f\u00f6r Eurovision Song Contest. Foto: Marica Roseng\u00e5rd<\/p><\/div>\n<p>&nbsp;<\/p>\n<p>&nbsp;<\/p>\n<p>&nbsp;<\/p>\n<p>&nbsp;<\/p>\n<p>&nbsp;<\/p>\n<p>&nbsp;<\/p>\n<p>&nbsp;<\/p>\n<p>&nbsp;<\/p>\n<p>&nbsp;<\/p>\n<p>&nbsp;<\/p>\n<p>&nbsp;<\/p>\n<p>&nbsp;<\/p>\n<p>&nbsp;<\/p>\n<p><b>Karin Westerlund<\/b><\/p>\n","protected":false},"excerpt":{"rendered":"<p>Anna Glad \u00e4r polisdetektiv i en liten f\u00f6rort d\u00e4r bloggning \u00e4r n\u00e5got som intresserar m\u00e5nga. I den ytterst popul\u00e4ra bloggen \u201cBecca i Bl\u00e5 villan\u201d verkar livet perfekt med den ideala&#8230;<\/p>\n","protected":false},"author":5,"featured_media":1467,"comment_status":"closed","ping_status":"closed","sticky":false,"template":"","format":"standard","meta":{"footnotes":""},"categories":[27],"tags":[],"_links":{"self":[{"href":"https:\/\/karisbillnas.fi\/snilleblixten\/wp-json\/wp\/v2\/posts\/1465"}],"collection":[{"href":"https:\/\/karisbillnas.fi\/snilleblixten\/wp-json\/wp\/v2\/posts"}],"about":[{"href":"https:\/\/karisbillnas.fi\/snilleblixten\/wp-json\/wp\/v2\/types\/post"}],"author":[{"embeddable":true,"href":"https:\/\/karisbillnas.fi\/snilleblixten\/wp-json\/wp\/v2\/users\/5"}],"replies":[{"embeddable":true,"href":"https:\/\/karisbillnas.fi\/snilleblixten\/wp-json\/wp\/v2\/comments?post=1465"}],"version-history":[{"count":3,"href":"https:\/\/karisbillnas.fi\/snilleblixten\/wp-json\/wp\/v2\/posts\/1465\/revisions"}],"predecessor-version":[{"id":1471,"href":"https:\/\/karisbillnas.fi\/snilleblixten\/wp-json\/wp\/v2\/posts\/1465\/revisions\/1471"}],"wp:featuredmedia":[{"embeddable":true,"href":"https:\/\/karisbillnas.fi\/snilleblixten\/wp-json\/wp\/v2\/media\/1467"}],"wp:attachment":[{"href":"https:\/\/karisbillnas.fi\/snilleblixten\/wp-json\/wp\/v2\/media?parent=1465"}],"wp:term":[{"taxonomy":"category","embeddable":true,"href":"https:\/\/karisbillnas.fi\/snilleblixten\/wp-json\/wp\/v2\/categories?post=1465"},{"taxonomy":"post_tag","embeddable":true,"href":"https:\/\/karisbillnas.fi\/snilleblixten\/wp-json\/wp\/v2\/tags?post=1465"}],"curies":[{"name":"wp","href":"https:\/\/api.w.org\/{rel}","templated":true}]}}